{"id":1193,"date":"2019-09-24T11:56:01","date_gmt":"2019-09-24T09:56:01","guid":{"rendered":"http:\/\/www.istitutoici.com\/?p=1193"},"modified":"2024-05-16T01:51:16","modified_gmt":"2024-05-15T23:51:16","slug":"psicologo","status":"publish","type":"post","link":"https:\/\/www.istitutoici.com\/index.php\/2019\/09\/24\/psicologo\/","title":{"rendered":"Psicologo"},"content":{"rendered":"\r\n<p>La professione di psicologo \u00e8 ordinata dalla Legge 18\/02\/1989, n. 56, ed \u00e8 disciplinata dal Codice Deontologico degli Psicologi Italiani. La professione di psicologo comprende l\u2019uso degli strumenti conoscitivi e di intervento per la prevenzione, la diagnosi, le attivit\u00e0 di abilitazione-riabilitazione e di sostegno in ambito psicologico rivolte alla persona, al gruppo, agli organismi sociali e alle comunit\u00e0. Comprende altres\u00ec le attivit\u00e0 di sperimentazione, ricerca e didattica in tale ambito.<\/p>\r\n\r\n\r\n\r\n<h2 class=\"wp-block-heading\"><strong>L\u2019attivit\u00e0 psicologica<\/strong><\/h2>\r\n\r\n\r\n\r\n<p>L\u2019attivit\u00e0 dello psicologo in ambito riabilitativo agisce principalmente a due livelli: uno legato alle conoscenze del funzionamento dei sistemi cognitivi il cui diverso funzionamento comporta disagi al paziente, l\u2019altro legato alla capacit\u00e0 di supportare il paziente e la sua famiglia nell\u2019affrontare i percorsi terapeutici.<\/p>\r\n\r\n\r\n\r\n<p>In riferimento alla diagnosi e in accordo con l\u2019\u00e9quipe multidisciplinare, nell\u2019ambito delle proprie competenze, gli psicologi:<\/p>\r\n\r\n\r\n\r\n<ul class=\"wp-block-list\">\r\n<li>progettano i percorsi di riabilitazione basandosi sul profilo di funzionamento, cognitivo e emotivo-comportamentale, del singolo paziente;<\/li>\r\n<li>praticano attivit\u00e0 di trattamento per la rieducazione funzionale dei processi cognitivi implicati nel funzionamento deficitario del paziente;<\/li>\r\n<li>supportano il paziente e la famiglia nell\u2019accettazione degli esiti dei diversi profili di funzionamento<\/li>\r\n<li>verificano le rispondenze della metodologica riabilitativa attuata agli obiettivi di recupero stabiliti in fase di progettazione dell\u2019intervento attraverso incontri di monitoraggio<\/li>\r\n<li>partecipano agli incontri di supervisione.<\/li>\r\n<\/ul>\r\n\r\n\r\n\r\n<h2 class=\"wp-block-heading\"><strong>Quando richiedere un consulto specialistico. <\/strong><\/h2>\r\n\r\n\r\n\r\n<h3 class=\"wp-block-heading\"><strong>I primi sintomi <\/strong>(Quando e perch\u00e9 ricorrere allo specialista)<\/h3>\r\n\r\n\r\n\r\n<p>\u00c8 consigliabile rivolgersi a uno psicologo per una valutazione quando i bambini, o i ragazzi, manifestano delle alterazioni nelle tappe dello sviluppo, sia psicomotorio, sia linguistico, sia emotivo; quando il comportamento del bambino o del ragazzo pone il genitore in una condizione di difficolt\u00e0 nella gestione o nella comprensione dello stesso; quando nei contesti di vita del bambino o del ragazzo si definiscono difficolt\u00e0 di adattamento alle richieste tipiche (per esempio, a scuola il bambino o il ragazzo evidenziano difficolt\u00e0 di apprendimento, o difficolt\u00e0 nel mantenere l\u2019attenzione e la concentrazione, o difficolt\u00e0 nel rispettare le regole tipiche della vita di classe, o difficolt\u00e0 relazionali, ecc).<\/p>\r\n\r\n\r\n","protected":false},"excerpt":{"rendered":"<p>La professione di psicologo \u00e8 ordinata dalla Legge 18\/02\/1989, n. 56, ed \u00e8 disciplinata dal Codice Deontologico degli Psicologi Italiani. La professione di psicologo comprende l\u2019uso degli strumenti conoscitivi e di intervento per la prevenzione, la diagnosi, le attivit\u00e0 di abilitazione-riabilitazione e di sostegno in ambito psicologico rivolte alla persona, al gruppo, agli organismi sociali<\/p>\n","protected":false},"author":1,"featured_media":3014,"comment_status":"open","ping_status":"open","sticky":false,"template":"","format":"standard","meta":{"footnotes":""},"categories":[43],"tags":[],"class_list":["post-1193","post","type-post","status-publish","format-standard","has-post-thumbnail","hentry","category-figure-professionali"],"yoast_head":"<!-- This site is optimized with the Yoast SEO plugin v27.4 - https:\/\/yoast.com\/product\/yoast-seo-wordpress\/ -->\r\n<title>Psicologo - Centro clinico ICI<\/title>\r\n<meta name=\"robots\" content=\"index, follow, max-snippet:-1, max-image-preview:large, max-video-preview:-1\" \/>\r\n<link rel=\"canonical\" href=\"https:\/\/www.istitutoici.com\/index.php\/2019\/09\/24\/psicologo\/\" \/>\r\n<meta property=\"og:locale\" content=\"it_IT\" \/>\r\n<meta property=\"og:type\" content=\"article\" \/>\r\n<meta property=\"og:title\" content=\"Psicologo - Centro clinico ICI\" \/>\r\n<meta property=\"og:description\" content=\"La professione di psicologo \u00e8 ordinata dalla Legge 18\/02\/1989, n. 56, ed \u00e8 disciplinata dal Codice Deontologico degli Psicologi Italiani. La professione di psicologo comprende l\u2019uso degli strumenti conoscitivi e di intervento per la prevenzione, la diagnosi, le attivit\u00e0 di abilitazione-riabilitazione e di sostegno in ambito psicologico rivolte alla persona, al gruppo, agli organismi sociali\" \/>\r\n<meta property=\"og:url\" content=\"https:\/\/www.istitutoici.com\/index.php\/2019\/09\/24\/psicologo\/\" \/>\r\n<meta property=\"og:site_name\" content=\"Centro clinico ICI\" \/>\r\n<meta property=\"article:published_time\" content=\"2019-09-24T09:56:01+00:00\" \/>\r\n<meta property=\"article:modified_time\" content=\"2024-05-15T23:51:16+00:00\" \/>\r\n<meta property=\"og:image\" content=\"https:\/\/www.istitutoici.com\/wp-content\/uploads\/2019\/09\/psicologo.png\" \/>\r\n\t<meta property=\"og:image:width\" content=\"1080\" \/>\r\n\t<meta property=\"og:image:height\" content=\"1080\" \/>\r\n\t<meta property=\"og:image:type\" content=\"image\/png\" \/>\r\n<meta name=\"author\" content=\"consorzio@humanitas\" \/>\r\n<meta name=\"twitter:card\" content=\"summary_large_image\" \/>\r\n<meta name=\"twitter:label1\" content=\"Scritto da\" \/>\n\t<meta name=\"twitter:data1\" content=\"consorzio@humanitas\" \/>\n\t<meta name=\"twitter:label2\" content=\"Tempo di lettura stimato\" \/>\n\t<meta name=\"twitter:data2\" content=\"2 minuti\" \/>\r\n<script type=\"application\/ld+json\" class=\"yoast-schema-graph\">{\"@context\":\"https:\\\/\\\/schema.org\",\"@graph\":[{\"@type\":\"Article\",\"@id\":\"https:\\\/\\\/www.istitutoici.com\\\/index.php\\\/2019\\\/09\\\/24\\\/psicologo\\\/#article\",\"isPartOf\":{\"@id\":\"https:\\\/\\\/www.istitutoici.com\\\/index.php\\\/2019\\\/09\\\/24\\\/psicologo\\\/\"},\"author\":{\"name\":\"consorzio@humanitas\",\"@id\":\"https:\\\/\\\/www.istitutoici.com\\\/#\\\/schema\\\/person\\\/4b2b7cfebf545734d413a6de19e8269f\"},\"headline\":\"Psicologo\",\"datePublished\":\"2019-09-24T09:56:01+00:00\",\"dateModified\":\"2024-05-15T23:51:16+00:00\",\"mainEntityOfPage\":{\"@id\":\"https:\\\/\\\/www.istitutoici.com\\\/index.php\\\/2019\\\/09\\\/24\\\/psicologo\\\/\"},\"wordCount\":330,\"commentCount\":0,\"image\":{\"@id\":\"https:\\\/\\\/www.istitutoici.com\\\/index.php\\\/2019\\\/09\\\/24\\\/psicologo\\\/#primaryimage\"},\"thumbnailUrl\":\"https:\\\/\\\/www.istitutoici.com\\\/wp-content\\\/uploads\\\/2019\\\/09\\\/psicologo.png\",\"articleSection\":[\"Figure professionali\"],\"inLanguage\":\"it-IT\",\"potentialAction\":[{\"@type\":\"CommentAction\",\"name\":\"Comment\",\"target\":[\"https:\\\/\\\/www.istitutoici.com\\\/index.php\\\/2019\\\/09\\\/24\\\/psicologo\\\/#respond\"]}]},{\"@type\":\"WebPage\",\"@id\":\"https:\\\/\\\/www.istitutoici.com\\\/index.php\\\/2019\\\/09\\\/24\\\/psicologo\\\/\",\"url\":\"https:\\\/\\\/www.istitutoici.com\\\/index.php\\\/2019\\\/09\\\/24\\\/psicologo\\\/\",\"name\":\"Psicologo - Centro clinico ICI\",\"isPartOf\":{\"@id\":\"https:\\\/\\\/www.istitutoici.com\\\/#website\"},\"primaryImageOfPage\":{\"@id\":\"https:\\\/\\\/www.istitutoici.com\\\/index.php\\\/2019\\\/09\\\/24\\\/psicologo\\\/#primaryimage\"},\"image\":{\"@id\":\"https:\\\/\\\/www.istitutoici.com\\\/index.php\\\/2019\\\/09\\\/24\\\/psicologo\\\/#primaryimage\"},\"thumbnailUrl\":\"https:\\\/\\\/www.istitutoici.com\\\/wp-content\\\/uploads\\\/2019\\\/09\\\/psicologo.png\",\"datePublished\":\"2019-09-24T09:56:01+00:00\",\"dateModified\":\"2024-05-15T23:51:16+00:00\",\"author\":{\"@id\":\"https:\\\/\\\/www.istitutoici.com\\\/#\\\/schema\\\/person\\\/4b2b7cfebf545734d413a6de19e8269f\"},\"breadcrumb\":{\"@id\":\"https:\\\/\\\/www.istitutoici.com\\\/index.php\\\/2019\\\/09\\\/24\\\/psicologo\\\/#breadcrumb\"},\"inLanguage\":\"it-IT\",\"potentialAction\":[{\"@type\":\"ReadAction\",\"target\":[\"https:\\\/\\\/www.istitutoici.com\\\/index.php\\\/2019\\\/09\\\/24\\\/psicologo\\\/\"]}]},{\"@type\":\"ImageObject\",\"inLanguage\":\"it-IT\",\"@id\":\"https:\\\/\\\/www.istitutoici.com\\\/index.php\\\/2019\\\/09\\\/24\\\/psicologo\\\/#primaryimage\",\"url\":\"https:\\\/\\\/www.istitutoici.com\\\/wp-content\\\/uploads\\\/2019\\\/09\\\/psicologo.png\",\"contentUrl\":\"https:\\\/\\\/www.istitutoici.com\\\/wp-content\\\/uploads\\\/2019\\\/09\\\/psicologo.png\",\"width\":1080,\"height\":1080,\"caption\":\"psicologo\"},{\"@type\":\"BreadcrumbList\",\"@id\":\"https:\\\/\\\/www.istitutoici.com\\\/index.php\\\/2019\\\/09\\\/24\\\/psicologo\\\/#breadcrumb\",\"itemListElement\":[{\"@type\":\"ListItem\",\"position\":1,\"name\":\"Home\",\"item\":\"https:\\\/\\\/www.istitutoici.com\\\/\"},{\"@type\":\"ListItem\",\"position\":2,\"name\":\"Psicologo\"}]},{\"@type\":\"WebSite\",\"@id\":\"https:\\\/\\\/www.istitutoici.com\\\/#website\",\"url\":\"https:\\\/\\\/www.istitutoici.com\\\/\",\"name\":\"Centro clinico ICI\",\"description\":\"Centro accreditato Regione Lazio\",\"potentialAction\":[{\"@type\":\"SearchAction\",\"target\":{\"@type\":\"EntryPoint\",\"urlTemplate\":\"https:\\\/\\\/www.istitutoici.com\\\/?s={search_term_string}\"},\"query-input\":{\"@type\":\"PropertyValueSpecification\",\"valueRequired\":true,\"valueName\":\"search_term_string\"}}],\"inLanguage\":\"it-IT\"},{\"@type\":\"Person\",\"@id\":\"https:\\\/\\\/www.istitutoici.com\\\/#\\\/schema\\\/person\\\/4b2b7cfebf545734d413a6de19e8269f\",\"name\":\"consorzio@humanitas\",\"image\":{\"@type\":\"ImageObject\",\"inLanguage\":\"it-IT\",\"@id\":\"https:\\\/\\\/secure.gravatar.com\\\/avatar\\\/4011f47168804604c8d785e3bc53530a84d431303771c689fb588255e7d5eb89?s=96&d=mm&r=g\",\"url\":\"https:\\\/\\\/secure.gravatar.com\\\/avatar\\\/4011f47168804604c8d785e3bc53530a84d431303771c689fb588255e7d5eb89?s=96&d=mm&r=g\",\"contentUrl\":\"https:\\\/\\\/secure.gravatar.com\\\/avatar\\\/4011f47168804604c8d785e3bc53530a84d431303771c689fb588255e7d5eb89?s=96&d=mm&r=g\",\"caption\":\"consorzio@humanitas\"},\"url\":\"https:\\\/\\\/www.istitutoici.com\\\/index.php\\\/author\\\/consorziohumanitas\\\/\"}]}<\/script>\r\n<!-- \/ Yoast SEO plugin. -->","yoast_head_json":{"title":"Psicologo - Centro clinico ICI","robots":{"index":"index","follow":"follow","max-snippet":"max-snippet:-1","max-image-preview":"max-image-preview:large","max-video-preview":"max-video-preview:-1"},"canonical":"https:\/\/www.istitutoici.com\/index.php\/2019\/09\/24\/psicologo\/","og_locale":"it_IT","og_type":"article","og_title":"Psicologo - Centro clinico ICI","og_description":"La professione di psicologo \u00e8 ordinata dalla Legge 18\/02\/1989, n. 56, ed \u00e8 disciplinata dal Codice Deontologico degli Psicologi Italiani. La professione di psicologo comprende l\u2019uso degli strumenti conoscitivi e di intervento per la prevenzione, la diagnosi, le attivit\u00e0 di abilitazione-riabilitazione e di sostegno in ambito psicologico rivolte alla persona, al gruppo, agli organismi sociali","og_url":"https:\/\/www.istitutoici.com\/index.php\/2019\/09\/24\/psicologo\/","og_site_name":"Centro clinico ICI","article_published_time":"2019-09-24T09:56:01+00:00","article_modified_time":"2024-05-15T23:51:16+00:00","og_image":[{"width":1080,"height":1080,"url":"https:\/\/www.istitutoici.com\/wp-content\/uploads\/2019\/09\/psicologo.png","type":"image\/png"}],"author":"consorzio@humanitas","twitter_card":"summary_large_image","twitter_misc":{"Scritto da":"consorzio@humanitas","Tempo di lettura stimato":"2 minuti"},"schema":{"@context":"https:\/\/schema.org","@graph":[{"@type":"Article","@id":"https:\/\/www.istitutoici.com\/index.php\/2019\/09\/24\/psicologo\/#article","isPartOf":{"@id":"https:\/\/www.istitutoici.com\/index.php\/2019\/09\/24\/psicologo\/"},"author":{"name":"consorzio@humanitas","@id":"https:\/\/www.istitutoici.com\/#\/schema\/person\/4b2b7cfebf545734d413a6de19e8269f"},"headline":"Psicologo","datePublished":"2019-09-24T09:56:01+00:00","dateModified":"2024-05-15T23:51:16+00:00","mainEntityOfPage":{"@id":"https:\/\/www.istitutoici.com\/index.php\/2019\/09\/24\/psicologo\/"},"wordCount":330,"commentCount":0,"image":{"@id":"https:\/\/www.istitutoici.com\/index.php\/2019\/09\/24\/psicologo\/#primaryimage"},"thumbnailUrl":"https:\/\/www.istitutoici.com\/wp-content\/uploads\/2019\/09\/psicologo.png","articleSection":["Figure professionali"],"inLanguage":"it-IT","potentialAction":[{"@type":"CommentAction","name":"Comment","target":["https:\/\/www.istitutoici.com\/index.php\/2019\/09\/24\/psicologo\/#respond"]}]},{"@type":"WebPage","@id":"https:\/\/www.istitutoici.com\/index.php\/2019\/09\/24\/psicologo\/","url":"https:\/\/www.istitutoici.com\/index.php\/2019\/09\/24\/psicologo\/","name":"Psicologo - Centro clinico ICI","isPartOf":{"@id":"https:\/\/www.istitutoici.com\/#website"},"primaryImageOfPage":{"@id":"https:\/\/www.istitutoici.com\/index.php\/2019\/09\/24\/psicologo\/#primaryimage"},"image":{"@id":"https:\/\/www.istitutoici.com\/index.php\/2019\/09\/24\/psicologo\/#primaryimage"},"thumbnailUrl":"https:\/\/www.istitutoici.com\/wp-content\/uploads\/2019\/09\/psicologo.png","datePublished":"2019-09-24T09:56:01+00:00","dateModified":"2024-05-15T23:51:16+00:00","author":{"@id":"https:\/\/www.istitutoici.com\/#\/schema\/person\/4b2b7cfebf545734d413a6de19e8269f"},"breadcrumb":{"@id":"https:\/\/www.istitutoici.com\/index.php\/2019\/09\/24\/psicologo\/#breadcrumb"},"inLanguage":"it-IT","potentialAction":[{"@type":"ReadAction","target":["https:\/\/www.istitutoici.com\/index.php\/2019\/09\/24\/psicologo\/"]}]},{"@type":"ImageObject","inLanguage":"it-IT","@id":"https:\/\/www.istitutoici.com\/index.php\/2019\/09\/24\/psicologo\/#primaryimage","url":"https:\/\/www.istitutoici.com\/wp-content\/uploads\/2019\/09\/psicologo.png","contentUrl":"https:\/\/www.istitutoici.com\/wp-content\/uploads\/2019\/09\/psicologo.png","width":1080,"height":1080,"caption":"psicologo"},{"@type":"BreadcrumbList","@id":"https:\/\/www.istitutoici.com\/index.php\/2019\/09\/24\/psicologo\/#breadcrumb","itemListElement":[{"@type":"ListItem","position":1,"name":"Home","item":"https:\/\/www.istitutoici.com\/"},{"@type":"ListItem","position":2,"name":"Psicologo"}]},{"@type":"WebSite","@id":"https:\/\/www.istitutoici.com\/#website","url":"https:\/\/www.istitutoici.com\/","name":"Centro clinico ICI","description":"Centro accreditato Regione Lazio","potentialAction":[{"@type":"SearchAction","target":{"@type":"EntryPoint","urlTemplate":"https:\/\/www.istitutoici.com\/?s={search_term_string}"},"query-input":{"@type":"PropertyValueSpecification","valueRequired":true,"valueName":"search_term_string"}}],"inLanguage":"it-IT"},{"@type":"Person","@id":"https:\/\/www.istitutoici.com\/#\/schema\/person\/4b2b7cfebf545734d413a6de19e8269f","name":"consorzio@humanitas","image":{"@type":"ImageObject","inLanguage":"it-IT","@id":"https:\/\/secure.gravatar.com\/avatar\/4011f47168804604c8d785e3bc53530a84d431303771c689fb588255e7d5eb89?s=96&d=mm&r=g","url":"https:\/\/secure.gravatar.com\/avatar\/4011f47168804604c8d785e3bc53530a84d431303771c689fb588255e7d5eb89?s=96&d=mm&r=g","contentUrl":"https:\/\/secure.gravatar.com\/avatar\/4011f47168804604c8d785e3bc53530a84d431303771c689fb588255e7d5eb89?s=96&d=mm&r=g","caption":"consorzio@humanitas"},"url":"https:\/\/www.istitutoici.com\/index.php\/author\/consorziohumanitas\/"}]}},"_links":{"self":[{"href":"https:\/\/www.istitutoici.com\/index.php\/wp-json\/wp\/v2\/posts\/1193","targetHints":{"allow":["GET"]}}],"collection":[{"href":"https:\/\/www.istitutoici.com\/index.php\/wp-json\/wp\/v2\/posts"}],"about":[{"href":"https:\/\/www.istitutoici.com\/index.php\/wp-json\/wp\/v2\/types\/post"}],"author":[{"embeddable":true,"href":"https:\/\/www.istitutoici.com\/index.php\/wp-json\/wp\/v2\/users\/1"}],"replies":[{"embeddable":true,"href":"https:\/\/www.istitutoici.com\/index.php\/wp-json\/wp\/v2\/comments?post=1193"}],"version-history":[{"count":5,"href":"https:\/\/www.istitutoici.com\/index.php\/wp-json\/wp\/v2\/posts\/1193\/revisions"}],"predecessor-version":[{"id":2551,"href":"https:\/\/www.istitutoici.com\/index.php\/wp-json\/wp\/v2\/posts\/1193\/revisions\/2551"}],"wp:featuredmedia":[{"embeddable":true,"href":"https:\/\/www.istitutoici.com\/index.php\/wp-json\/wp\/v2\/media\/3014"}],"wp:attachment":[{"href":"https:\/\/www.istitutoici.com\/index.php\/wp-json\/wp\/v2\/media?parent=1193"}],"wp:term":[{"taxonomy":"category","embeddable":true,"href":"https:\/\/www.istitutoici.com\/index.php\/wp-json\/wp\/v2\/categories?post=1193"},{"taxonomy":"post_tag","embeddable":true,"href":"https:\/\/www.istitutoici.com\/index.php\/wp-json\/wp\/v2\/tags?post=1193"}],"curies":[{"name":"wp","href":"https:\/\/api.w.org\/{rel}","templated":true}]}}