{"id":2902,"date":"2024-04-05T14:42:10","date_gmt":"2024-04-05T12:42:10","guid":{"rendered":"https:\/\/www.istitutoici.com\/?p=2902"},"modified":"2024-05-07T13:09:07","modified_gmt":"2024-05-07T11:09:07","slug":"i-diritti-delle-persone-autistiche","status":"publish","type":"post","link":"https:\/\/www.istitutoici.com\/index.php\/2024\/04\/05\/i-diritti-delle-persone-autistiche\/","title":{"rendered":"Il Direttore Sanitario di ICI, il Dott. Michele Ribolsi tra i relatori del Convegno &#8220;I diritti delle persone autistiche&#8221;"},"content":{"rendered":"<div class=\"wpb-content-wrapper\"><p>[vc_row][vc_column][vc_empty_space][vc_column_text]Il Dr. Michele Ribolsi, Direttore Sanitario di ICI e Docente a Contratto presso l&#8217;Universit\u00e0 Campus Bio &#8211; Medico, durante il convegno &#8220;I diritti delle persone autistice alla luce delle nuove linee guida&#8221; svoltosi l&#8217;11 Aprile presso il Chiostro di Santa Maria sopra Minerva, ha affrontato il tema della transizione dei pazienti autistici dall&#8217;et\u00e0 evolutiva all&#8217;et\u00e0 adulta, analizzando il tema delle comorbidit\u00e0, della presa in carico personalizzata e dei progetti di autonomia.<\/p>\n<p>&nbsp;<\/p>\n<p>[\/vc_column_text][\/vc_column][\/vc_row][vc_row full_width=&#8221;stretch_row&#8221; full_height=&#8221;yes&#8221;][vc_column][vc_empty_space][vc_images_carousel images=&#8221;2903,2947,2945,2938,2939,2943,2944&#8243; img_size=&#8221;large&#8221; onclick=&#8221;link_no&#8221; speed=&#8221;1500&#8243; autoplay=&#8221;yes&#8221; hide_pagination_control=&#8221;yes&#8221; hide_prev_next_buttons=&#8221;yes&#8221; wrap=&#8221;yes&#8221; css=&#8221;.vc_custom_1715079831817{border-left-width: 10px !important;}&#8221;][\/vc_column][\/vc_row]<\/p>\n<\/div>","protected":false},"excerpt":{"rendered":"<p>[vc_row][vc_column][vc_empty_space][vc_column_text]Il Dr. Michele Ribolsi, Direttore Sanitario di ICI e Docente a Contratto presso l&#8217;Universit\u00e0 Campus Bio &#8211; Medico, durante il convegno &#8220;I diritti delle persone autistice alla luce delle nuove linee guida&#8221; svoltosi l&#8217;11 Aprile presso il Chiostro di Santa Maria sopra Minerva, ha affrontato il tema della transizione dei pazienti autistici dall&#8217;et\u00e0 evolutiva all&#8217;et\u00e0<\/p>\n","protected":false},"author":10,"featured_media":2939,"comment_status":"closed","ping_status":"closed","sticky":false,"template":"","format":"standard","meta":{"footnotes":""},"categories":[4],"tags":[],"class_list":["post-2902","post","type-post","status-publish","format-standard","has-post-thumbnail","hentry","category-news"],"yoast_head":"<!-- This site is optimized with the Yoast SEO plugin v27.4 - https:\/\/yoast.com\/product\/yoast-seo-wordpress\/ -->\r\n<title>Il Direttore Sanitario di ICI, il Dott. Michele Ribolsi tra i relatori del Convegno &quot;I diritti delle persone autistiche&quot; - Centro clinico ICI<\/title>\r\n<meta name=\"description\" content=\"Il Dr. Michele Ribolsi, Direttore Sanitario di ICI e Docente a Contratto presso l&#039;Universit\u00e0 Campus Bio - Medico, durante il convegno &quot;I diritti delle persone autistice alla luce delle nuove linee guida&quot; svoltosi l&#039;11 Aprile presso il Chiostro di Santa Maria sopra Minerva, ha affrontato il tema della transizione dei pazienti autistici dall&#039;et\u00e0 evolutiva all&#039;et\u00e0 adulta, analizzando il tema delle comorbidit\u00e0, della presa in carico personalizzata e dei progetti di autonomia.\" \/>\r\n<meta name=\"robots\" content=\"index, follow, max-snippet:-1, max-image-preview:large, max-video-preview:-1\" \/>\r\n<link rel=\"canonical\" href=\"https:\/\/www.istitutoici.com\/index.php\/2024\/04\/05\/i-diritti-delle-persone-autistiche\/\" \/>\r\n<meta property=\"og:locale\" content=\"it_IT\" \/>\r\n<meta property=\"og:type\" content=\"article\" \/>\r\n<meta property=\"og:title\" content=\"Il Direttore Sanitario di ICI, il Dott. Michele Ribolsi tra i relatori del Convegno &quot;I diritti delle persone autistiche&quot; - Centro clinico ICI\" \/>\r\n<meta property=\"og:description\" content=\"Il Dr. Michele Ribolsi, Direttore Sanitario di ICI e Docente a Contratto presso l&#039;Universit\u00e0 Campus Bio - Medico, durante il convegno &quot;I diritti delle persone autistice alla luce delle nuove linee guida&quot; svoltosi l&#039;11 Aprile presso il Chiostro di Santa Maria sopra Minerva, ha affrontato il tema della transizione dei pazienti autistici dall&#039;et\u00e0 evolutiva all&#039;et\u00e0 adulta, analizzando il tema delle comorbidit\u00e0, della presa in carico personalizzata e dei progetti di autonomia.\" \/>\r\n<meta property=\"og:url\" content=\"https:\/\/www.istitutoici.com\/index.php\/2024\/04\/05\/i-diritti-delle-persone-autistiche\/\" \/>\r\n<meta property=\"og:site_name\" content=\"Centro clinico ICI\" \/>\r\n<meta property=\"article:published_time\" content=\"2024-04-05T12:42:10+00:00\" \/>\r\n<meta property=\"article:modified_time\" content=\"2024-05-07T11:09:07+00:00\" \/>\r\n<meta property=\"og:image\" content=\"https:\/\/www.istitutoici.com\/wp-content\/uploads\/2024\/04\/convegno-autismo-11-aprile_2.jpeg\" \/>\r\n\t<meta property=\"og:image:width\" content=\"1536\" \/>\r\n\t<meta property=\"og:image:height\" content=\"2048\" \/>\r\n\t<meta property=\"og:image:type\" content=\"image\/jpeg\" \/>\r\n<meta name=\"author\" content=\"Centro Clinico\" \/>\r\n<meta name=\"twitter:card\" content=\"summary_large_image\" \/>\r\n<meta name=\"twitter:label1\" content=\"Scritto da\" \/>\n\t<meta name=\"twitter:data1\" content=\"Centro Clinico\" \/>\n\t<meta name=\"twitter:label2\" content=\"Tempo di lettura stimato\" \/>\n\t<meta name=\"twitter:data2\" content=\"3 minuti\" \/>\r\n<script type=\"application\/ld+json\" class=\"yoast-schema-graph\">{\"@context\":\"https:\\\/\\\/schema.org\",\"@graph\":[{\"@type\":\"Article\",\"@id\":\"https:\\\/\\\/www.istitutoici.com\\\/index.php\\\/2024\\\/04\\\/05\\\/i-diritti-delle-persone-autistiche\\\/#article\",\"isPartOf\":{\"@id\":\"https:\\\/\\\/www.istitutoici.com\\\/index.php\\\/2024\\\/04\\\/05\\\/i-diritti-delle-persone-autistiche\\\/\"},\"author\":{\"name\":\"Centro Clinico\",\"@id\":\"https:\\\/\\\/www.istitutoici.com\\\/#\\\/schema\\\/person\\\/1c02fa853c5437c008e30e2f0c5e12d8\"},\"headline\":\"Il Direttore Sanitario di ICI, il Dott. Michele Ribolsi tra i relatori del Convegno &#8220;I diritti delle persone autistiche&#8221;\",\"datePublished\":\"2024-04-05T12:42:10+00:00\",\"dateModified\":\"2024-05-07T11:09:07+00:00\",\"mainEntityOfPage\":{\"@id\":\"https:\\\/\\\/www.istitutoici.com\\\/index.php\\\/2024\\\/04\\\/05\\\/i-diritti-delle-persone-autistiche\\\/\"},\"wordCount\":159,\"image\":{\"@id\":\"https:\\\/\\\/www.istitutoici.com\\\/index.php\\\/2024\\\/04\\\/05\\\/i-diritti-delle-persone-autistiche\\\/#primaryimage\"},\"thumbnailUrl\":\"https:\\\/\\\/www.istitutoici.com\\\/wp-content\\\/uploads\\\/2024\\\/04\\\/convegno-autismo-11-aprile_2.jpeg\",\"articleSection\":[\"News\"],\"inLanguage\":\"it-IT\"},{\"@type\":\"WebPage\",\"@id\":\"https:\\\/\\\/www.istitutoici.com\\\/index.php\\\/2024\\\/04\\\/05\\\/i-diritti-delle-persone-autistiche\\\/\",\"url\":\"https:\\\/\\\/www.istitutoici.com\\\/index.php\\\/2024\\\/04\\\/05\\\/i-diritti-delle-persone-autistiche\\\/\",\"name\":\"Il Direttore Sanitario di ICI, il Dott. Michele Ribolsi tra i relatori del Convegno \\\"I diritti delle persone autistiche\\\" - Centro clinico ICI\",\"isPartOf\":{\"@id\":\"https:\\\/\\\/www.istitutoici.com\\\/#website\"},\"primaryImageOfPage\":{\"@id\":\"https:\\\/\\\/www.istitutoici.com\\\/index.php\\\/2024\\\/04\\\/05\\\/i-diritti-delle-persone-autistiche\\\/#primaryimage\"},\"image\":{\"@id\":\"https:\\\/\\\/www.istitutoici.com\\\/index.php\\\/2024\\\/04\\\/05\\\/i-diritti-delle-persone-autistiche\\\/#primaryimage\"},\"thumbnailUrl\":\"https:\\\/\\\/www.istitutoici.com\\\/wp-content\\\/uploads\\\/2024\\\/04\\\/convegno-autismo-11-aprile_2.jpeg\",\"datePublished\":\"2024-04-05T12:42:10+00:00\",\"dateModified\":\"2024-05-07T11:09:07+00:00\",\"author\":{\"@id\":\"https:\\\/\\\/www.istitutoici.com\\\/#\\\/schema\\\/person\\\/1c02fa853c5437c008e30e2f0c5e12d8\"},\"description\":\"Il Dr. Michele Ribolsi, Direttore Sanitario di ICI e Docente a Contratto presso l'Universit\u00e0 Campus Bio - Medico, durante il convegno \\\"I diritti delle persone autistice alla luce delle nuove linee guida\\\" svoltosi l'11 Aprile presso il Chiostro di Santa Maria sopra Minerva, ha affrontato il tema della transizione dei pazienti autistici dall'et\u00e0 evolutiva all'et\u00e0 adulta, analizzando il tema delle comorbidit\u00e0, della presa in carico personalizzata e dei progetti di autonomia.\",\"breadcrumb\":{\"@id\":\"https:\\\/\\\/www.istitutoici.com\\\/index.php\\\/2024\\\/04\\\/05\\\/i-diritti-delle-persone-autistiche\\\/#breadcrumb\"},\"inLanguage\":\"it-IT\",\"potentialAction\":[{\"@type\":\"ReadAction\",\"target\":[\"https:\\\/\\\/www.istitutoici.com\\\/index.php\\\/2024\\\/04\\\/05\\\/i-diritti-delle-persone-autistiche\\\/\"]}]},{\"@type\":\"ImageObject\",\"inLanguage\":\"it-IT\",\"@id\":\"https:\\\/\\\/www.istitutoici.com\\\/index.php\\\/2024\\\/04\\\/05\\\/i-diritti-delle-persone-autistiche\\\/#primaryimage\",\"url\":\"https:\\\/\\\/www.istitutoici.com\\\/wp-content\\\/uploads\\\/2024\\\/04\\\/convegno-autismo-11-aprile_2.jpeg\",\"contentUrl\":\"https:\\\/\\\/www.istitutoici.com\\\/wp-content\\\/uploads\\\/2024\\\/04\\\/convegno-autismo-11-aprile_2.jpeg\",\"width\":1536,\"height\":2048,\"caption\":\"Convegno \\\"I diritti delle persone autistiche\\\"\"},{\"@type\":\"BreadcrumbList\",\"@id\":\"https:\\\/\\\/www.istitutoici.com\\\/index.php\\\/2024\\\/04\\\/05\\\/i-diritti-delle-persone-autistiche\\\/#breadcrumb\",\"itemListElement\":[{\"@type\":\"ListItem\",\"position\":1,\"name\":\"Home\",\"item\":\"https:\\\/\\\/www.istitutoici.com\\\/\"},{\"@type\":\"ListItem\",\"position\":2,\"name\":\"Il Direttore Sanitario di ICI, il Dott. Michele Ribolsi tra i relatori del Convegno &#8220;I diritti delle persone autistiche&#8221;\"}]},{\"@type\":\"WebSite\",\"@id\":\"https:\\\/\\\/www.istitutoici.com\\\/#website\",\"url\":\"https:\\\/\\\/www.istitutoici.com\\\/\",\"name\":\"Centro clinico ICI\",\"description\":\"Centro accreditato Regione Lazio\",\"potentialAction\":[{\"@type\":\"SearchAction\",\"target\":{\"@type\":\"EntryPoint\",\"urlTemplate\":\"https:\\\/\\\/www.istitutoici.com\\\/?s={search_term_string}\"},\"query-input\":{\"@type\":\"PropertyValueSpecification\",\"valueRequired\":true,\"valueName\":\"search_term_string\"}}],\"inLanguage\":\"it-IT\"},{\"@type\":\"Person\",\"@id\":\"https:\\\/\\\/www.istitutoici.com\\\/#\\\/schema\\\/person\\\/1c02fa853c5437c008e30e2f0c5e12d8\",\"name\":\"Centro Clinico\",\"image\":{\"@type\":\"ImageObject\",\"inLanguage\":\"it-IT\",\"@id\":\"https:\\\/\\\/secure.gravatar.com\\\/avatar\\\/ff2b31a2451340d78740eac34d9835f15383d10625a9eeec7c65236d7f7c7fd8?s=96&d=mm&r=g\",\"url\":\"https:\\\/\\\/secure.gravatar.com\\\/avatar\\\/ff2b31a2451340d78740eac34d9835f15383d10625a9eeec7c65236d7f7c7fd8?s=96&d=mm&r=g\",\"contentUrl\":\"https:\\\/\\\/secure.gravatar.com\\\/avatar\\\/ff2b31a2451340d78740eac34d9835f15383d10625a9eeec7c65236d7f7c7fd8?s=96&d=mm&r=g\",\"caption\":\"Centro Clinico\"},\"url\":\"https:\\\/\\\/www.istitutoici.com\\\/index.php\\\/author\\\/centro-clinico\\\/\"}]}<\/script>\r\n<!-- \/ Yoast SEO plugin. -->","yoast_head_json":{"title":"Il Direttore Sanitario di ICI, il Dott. Michele Ribolsi tra i relatori del Convegno \"I diritti delle persone autistiche\" - Centro clinico ICI","description":"Il Dr. Michele Ribolsi, Direttore Sanitario di ICI e Docente a Contratto presso l'Universit\u00e0 Campus Bio - Medico, durante il convegno \"I diritti delle persone autistice alla luce delle nuove linee guida\" svoltosi l'11 Aprile presso il Chiostro di Santa Maria sopra Minerva, ha affrontato il tema della transizione dei pazienti autistici dall'et\u00e0 evolutiva all'et\u00e0 adulta, analizzando il tema delle comorbidit\u00e0, della presa in carico personalizzata e dei progetti di autonomia.","robots":{"index":"index","follow":"follow","max-snippet":"max-snippet:-1","max-image-preview":"max-image-preview:large","max-video-preview":"max-video-preview:-1"},"canonical":"https:\/\/www.istitutoici.com\/index.php\/2024\/04\/05\/i-diritti-delle-persone-autistiche\/","og_locale":"it_IT","og_type":"article","og_title":"Il Direttore Sanitario di ICI, il Dott. Michele Ribolsi tra i relatori del Convegno \"I diritti delle persone autistiche\" - Centro clinico ICI","og_description":"Il Dr. Michele Ribolsi, Direttore Sanitario di ICI e Docente a Contratto presso l'Universit\u00e0 Campus Bio - Medico, durante il convegno \"I diritti delle persone autistice alla luce delle nuove linee guida\" svoltosi l'11 Aprile presso il Chiostro di Santa Maria sopra Minerva, ha affrontato il tema della transizione dei pazienti autistici dall'et\u00e0 evolutiva all'et\u00e0 adulta, analizzando il tema delle comorbidit\u00e0, della presa in carico personalizzata e dei progetti di autonomia.","og_url":"https:\/\/www.istitutoici.com\/index.php\/2024\/04\/05\/i-diritti-delle-persone-autistiche\/","og_site_name":"Centro clinico ICI","article_published_time":"2024-04-05T12:42:10+00:00","article_modified_time":"2024-05-07T11:09:07+00:00","og_image":[{"width":1536,"height":2048,"url":"https:\/\/www.istitutoici.com\/wp-content\/uploads\/2024\/04\/convegno-autismo-11-aprile_2.jpeg","type":"image\/jpeg"}],"author":"Centro Clinico","twitter_card":"summary_large_image","twitter_misc":{"Scritto da":"Centro Clinico","Tempo di lettura stimato":"3 minuti"},"schema":{"@context":"https:\/\/schema.org","@graph":[{"@type":"Article","@id":"https:\/\/www.istitutoici.com\/index.php\/2024\/04\/05\/i-diritti-delle-persone-autistiche\/#article","isPartOf":{"@id":"https:\/\/www.istitutoici.com\/index.php\/2024\/04\/05\/i-diritti-delle-persone-autistiche\/"},"author":{"name":"Centro Clinico","@id":"https:\/\/www.istitutoici.com\/#\/schema\/person\/1c02fa853c5437c008e30e2f0c5e12d8"},"headline":"Il Direttore Sanitario di ICI, il Dott. Michele Ribolsi tra i relatori del Convegno &#8220;I diritti delle persone autistiche&#8221;","datePublished":"2024-04-05T12:42:10+00:00","dateModified":"2024-05-07T11:09:07+00:00","mainEntityOfPage":{"@id":"https:\/\/www.istitutoici.com\/index.php\/2024\/04\/05\/i-diritti-delle-persone-autistiche\/"},"wordCount":159,"image":{"@id":"https:\/\/www.istitutoici.com\/index.php\/2024\/04\/05\/i-diritti-delle-persone-autistiche\/#primaryimage"},"thumbnailUrl":"https:\/\/www.istitutoici.com\/wp-content\/uploads\/2024\/04\/convegno-autismo-11-aprile_2.jpeg","articleSection":["News"],"inLanguage":"it-IT"},{"@type":"WebPage","@id":"https:\/\/www.istitutoici.com\/index.php\/2024\/04\/05\/i-diritti-delle-persone-autistiche\/","url":"https:\/\/www.istitutoici.com\/index.php\/2024\/04\/05\/i-diritti-delle-persone-autistiche\/","name":"Il Direttore Sanitario di ICI, il Dott. Michele Ribolsi tra i relatori del Convegno \"I diritti delle persone autistiche\" - Centro clinico ICI","isPartOf":{"@id":"https:\/\/www.istitutoici.com\/#website"},"primaryImageOfPage":{"@id":"https:\/\/www.istitutoici.com\/index.php\/2024\/04\/05\/i-diritti-delle-persone-autistiche\/#primaryimage"},"image":{"@id":"https:\/\/www.istitutoici.com\/index.php\/2024\/04\/05\/i-diritti-delle-persone-autistiche\/#primaryimage"},"thumbnailUrl":"https:\/\/www.istitutoici.com\/wp-content\/uploads\/2024\/04\/convegno-autismo-11-aprile_2.jpeg","datePublished":"2024-04-05T12:42:10+00:00","dateModified":"2024-05-07T11:09:07+00:00","author":{"@id":"https:\/\/www.istitutoici.com\/#\/schema\/person\/1c02fa853c5437c008e30e2f0c5e12d8"},"description":"Il Dr. Michele Ribolsi, Direttore Sanitario di ICI e Docente a Contratto presso l'Universit\u00e0 Campus Bio - Medico, durante il convegno \"I diritti delle persone autistice alla luce delle nuove linee guida\" svoltosi l'11 Aprile presso il Chiostro di Santa Maria sopra Minerva, ha affrontato il tema della transizione dei pazienti autistici dall'et\u00e0 evolutiva all'et\u00e0 adulta, analizzando il tema delle comorbidit\u00e0, della presa in carico personalizzata e dei progetti di autonomia.","breadcrumb":{"@id":"https:\/\/www.istitutoici.com\/index.php\/2024\/04\/05\/i-diritti-delle-persone-autistiche\/#breadcrumb"},"inLanguage":"it-IT","potentialAction":[{"@type":"ReadAction","target":["https:\/\/www.istitutoici.com\/index.php\/2024\/04\/05\/i-diritti-delle-persone-autistiche\/"]}]},{"@type":"ImageObject","inLanguage":"it-IT","@id":"https:\/\/www.istitutoici.com\/index.php\/2024\/04\/05\/i-diritti-delle-persone-autistiche\/#primaryimage","url":"https:\/\/www.istitutoici.com\/wp-content\/uploads\/2024\/04\/convegno-autismo-11-aprile_2.jpeg","contentUrl":"https:\/\/www.istitutoici.com\/wp-content\/uploads\/2024\/04\/convegno-autismo-11-aprile_2.jpeg","width":1536,"height":2048,"caption":"Convegno \"I diritti delle persone autistiche\""},{"@type":"BreadcrumbList","@id":"https:\/\/www.istitutoici.com\/index.php\/2024\/04\/05\/i-diritti-delle-persone-autistiche\/#breadcrumb","itemListElement":[{"@type":"ListItem","position":1,"name":"Home","item":"https:\/\/www.istitutoici.com\/"},{"@type":"ListItem","position":2,"name":"Il Direttore Sanitario di ICI, il Dott. Michele Ribolsi tra i relatori del Convegno &#8220;I diritti delle persone autistiche&#8221;"}]},{"@type":"WebSite","@id":"https:\/\/www.istitutoici.com\/#website","url":"https:\/\/www.istitutoici.com\/","name":"Centro clinico ICI","description":"Centro accreditato Regione Lazio","potentialAction":[{"@type":"SearchAction","target":{"@type":"EntryPoint","urlTemplate":"https:\/\/www.istitutoici.com\/?s={search_term_string}"},"query-input":{"@type":"PropertyValueSpecification","valueRequired":true,"valueName":"search_term_string"}}],"inLanguage":"it-IT"},{"@type":"Person","@id":"https:\/\/www.istitutoici.com\/#\/schema\/person\/1c02fa853c5437c008e30e2f0c5e12d8","name":"Centro Clinico","image":{"@type":"ImageObject","inLanguage":"it-IT","@id":"https:\/\/secure.gravatar.com\/avatar\/ff2b31a2451340d78740eac34d9835f15383d10625a9eeec7c65236d7f7c7fd8?s=96&d=mm&r=g","url":"https:\/\/secure.gravatar.com\/avatar\/ff2b31a2451340d78740eac34d9835f15383d10625a9eeec7c65236d7f7c7fd8?s=96&d=mm&r=g","contentUrl":"https:\/\/secure.gravatar.com\/avatar\/ff2b31a2451340d78740eac34d9835f15383d10625a9eeec7c65236d7f7c7fd8?s=96&d=mm&r=g","caption":"Centro Clinico"},"url":"https:\/\/www.istitutoici.com\/index.php\/author\/centro-clinico\/"}]}},"_links":{"self":[{"href":"https:\/\/www.istitutoici.com\/index.php\/wp-json\/wp\/v2\/posts\/2902","targetHints":{"allow":["GET"]}}],"collection":[{"href":"https:\/\/www.istitutoici.com\/index.php\/wp-json\/wp\/v2\/posts"}],"about":[{"href":"https:\/\/www.istitutoici.com\/index.php\/wp-json\/wp\/v2\/types\/post"}],"author":[{"embeddable":true,"href":"https:\/\/www.istitutoici.com\/index.php\/wp-json\/wp\/v2\/users\/10"}],"replies":[{"embeddable":true,"href":"https:\/\/www.istitutoici.com\/index.php\/wp-json\/wp\/v2\/comments?post=2902"}],"version-history":[{"count":21,"href":"https:\/\/www.istitutoici.com\/index.php\/wp-json\/wp\/v2\/posts\/2902\/revisions"}],"predecessor-version":[{"id":2962,"href":"https:\/\/www.istitutoici.com\/index.php\/wp-json\/wp\/v2\/posts\/2902\/revisions\/2962"}],"wp:featuredmedia":[{"embeddable":true,"href":"https:\/\/www.istitutoici.com\/index.php\/wp-json\/wp\/v2\/media\/2939"}],"wp:attachment":[{"href":"https:\/\/www.istitutoici.com\/index.php\/wp-json\/wp\/v2\/media?parent=2902"}],"wp:term":[{"taxonomy":"category","embeddable":true,"href":"https:\/\/www.istitutoici.com\/index.php\/wp-json\/wp\/v2\/categories?post=2902"},{"taxonomy":"post_tag","embeddable":true,"href":"https:\/\/www.istitutoici.com\/index.php\/wp-json\/wp\/v2\/tags?post=2902"}],"curies":[{"name":"wp","href":"https:\/\/api.w.org\/{rel}","templated":true}]}}