{"id":743,"date":"2019-07-25T18:28:49","date_gmt":"2019-07-25T16:28:49","guid":{"rendered":"http:\/\/www.istitutoici.com\/?p=743"},"modified":"2019-07-25T22:11:15","modified_gmt":"2019-07-25T20:11:15","slug":"logopedia","status":"publish","type":"post","link":"https:\/\/www.istitutoici.com\/index.php\/2019\/07\/25\/logopedia\/","title":{"rendered":"Logopedia"},"content":{"rendered":"<div class=\"et_pb_row_inner et_pb_row_inner_1\">\n<div class=\"et_pb_column et_pb_column_4_4 et_pb_column_inner et_pb_column_inner_1 et-last-child\">\n<div class=\"et_pb_module et_pb_text et_pb_text_4 et_pb_bg_layout_light et_pb_text_align_left\">\n<div class=\"et_pb_text_inner\">\n<h2>Il logopedista\u00a0chi \u00e8?<\/h2>\n<\/div>\n<\/div>\n<div class=\"et_pb_module et_pb_divider et_pb_divider_2 et_pb_divider_position_ et_pb_space\">\n<div class=\"et_pb_divider_internal\">Secondo il profilo professionale emanato con D.M. sanit\u00e0 14 settembre 1994, n.742, il logopedista \u00e8 l\u2019operatore sanitario che svolge la propria attivit\u00e0 nella prevenzione e nel trattamento riabilitativo delle patologie del linguaggio e della comunicazione in et\u00e0 evolutiva, adulta e geriatrica.<\/div>\n<\/div>\n<\/div>\n<\/div>\n<div class=\"et_pb_row_inner et_pb_row_inner_2\">\n<div class=\"et_pb_column et_pb_column_4_4 et_pb_column_inner et_pb_column_inner_2 et-last-child\">\n<div class=\"et_pb_module et_pb_text et_pb_text_6 et_pb_bg_layout_light et_pb_text_align_left\">\n<div class=\"et_pb_text_inner\">\n<h2><\/h2>\n<h2>Il logopedista\u00a0cosa\u00a0fa?<\/h2>\n<\/div>\n<\/div>\n<div class=\"et_pb_module et_pb_divider et_pb_divider_3 et_pb_divider_position_ et_pb_space\">\n<div class=\"et_pb_divider_internal\">L\u2019attivit\u00e0 del logopedista \u00e8 volta all\u2019educazione e rieducazione di tutte le patologie che provocano disturbi della voce, della parola, del linguaggio orale e scritto e degli handicap comunicativi.<\/div>\n<\/div>\n<div class=\"et_pb_module et_pb_text et_pb_text_7 et_pb_bg_layout_light et_pb_text_align_left\">\n<div class=\"et_pb_text_inner\">\n<p>In riferimento alla diagnosi ed alla prescrizione del medico, nell\u2019ambito delle proprie competenze, il logopedista:<\/p>\n<\/div>\n<\/div>\n<div class=\"et_pb_module et_pb_text et_pb_text_8 list-services et_pb_bg_layout_light et_pb_text_align_left\">\n<div class=\"et_pb_text_inner\">\n<ul>\n<li>Elabora, anche in \u00e9quipe multidisciplinare, il bilancio logopedico volto all\u2019individuazione ed al superamento del bisogno di salute del disabile.<\/li>\n<li>Pratica autonomamente attivit\u00e0 terapeutica per la rieducazione funzionale della comunicazione e del linguaggio, verbali e non verbali.<\/li>\n<li>Propone l\u2019adozione di ausili, ne addestra all\u2019uso e ne verifica l\u2019efficacia.<\/li>\n<li>Svolge attivit\u00e0 di studio, didattica e consulenza professionale, nei servizi sanitari ed in quelli dove si richiedono le sue competenze professionali.<\/li>\n<li>Verifica le rispondenze della metodologica riabilitativa attuata agli obiettivi di recupero funzionale.<\/li>\n<li><\/li>\n<\/ul>\n<div class=\"et_pb_row_inner et_pb_row_inner_4\">\n<div class=\"et_pb_column et_pb_column_4_4 et_pb_column_inner et_pb_column_inner_5 et-last-child\">\n<div class=\"et_pb_module et_pb_text et_pb_text_10 et_pb_bg_layout_light et_pb_text_align_left\">\n<div class=\"et_pb_text_inner\">\n<h2>Quando\u00a0ricorrere\u00a0al logopedista?<\/h2>\n<\/div>\n<\/div>\n<div class=\"et_pb_module et_pb_divider et_pb_divider_5 et_pb_divider_position_ et_pb_space\">\n<div class=\"et_pb_divider_internal\">L\u2019attivit\u00e0 del logopedista \u00e8 volta all\u2019educazione e rieducazione di tutte le patologie che provocano disturbi della voce, della parola, del linguaggio orale e scritto e degli handicap comunicativi. Il campo di intervento del logopedista \u00e8 molto ampio e articolato; soprattutto in et\u00e0 evolutiva, l\u2019intervento precoce assume un\u2019importanza determinante ai fini della prognosi; quindi il ruolo del logopedista va considerato determinante anche nella fase dell\u2019individuazione precoce dei diversi disturbi del linguaggio, soprattutto in un\u2019ottica preventiva.<\/div>\n<\/div>\n<div class=\"et_pb_module et_pb_text et_pb_text_11 et_pb_bg_layout_light et_pb_text_align_left\">\n<div class=\"et_pb_text_inner\">\n<p>Il logopedista deve saper conoscere il soggetto da educare o rieducare e per questo \u00e8 indispensabile che agli inizi cerchi di cogliere tutti quegli elementi diagnostici che potranno risultare utili o determinanti per impostare correttamente il rapporto al fine di un buon esito rieducativo.<\/p>\n<p>Nel progetto terapeutico il logopedista considera le diverse variabili e che momento fondamentale \u00e8 quello dell\u2019osservazione e della valutazione al fine di definire un profilo individualizzato e degli obiettivi a breve, a medio e a lungo termine.<\/p>\n<\/div>\n<\/div>\n<\/div>\n<\/div>\n<div class=\"et_pb_row_inner et_pb_row_inner_5\">\n<div class=\"et_pb_column et_pb_column_4_4 et_pb_column_inner et_pb_column_inner_6 et-last-child\">\n<div class=\"et_pb_module et_pb_text et_pb_text_12 et_pb_bg_layout_light et_pb_text_align_left\">\n<div class=\"et_pb_text_inner\">\n<h2>Quali sono i disturbi su cui i nostri professionisti possono intervenire?<\/h2>\n<\/div>\n<\/div>\n<div class=\"et_pb_module et_pb_text et_pb_text_14 list-services et_pb_bg_layout_light et_pb_text_align_left\">\n<div class=\"et_pb_text_inner\">\n<ul>\n<li>Ritardo di sviluppo del linguaggio<\/li>\n<li>Disordine fonologico<\/li>\n<li>Disturbo specifico del linguaggio<\/li>\n<li>Disturbo aspecifico del linguaggio (disabilit\u00e0 intellettiva, disturbi dello spretto autistico, sindromi genetiche, sordit\u00e0 ed altro)<\/li>\n<li>Deglutizione deviata<\/li>\n<li>Balbuzie<\/li>\n<li>Disfonie<\/li>\n<li>Afasia<\/li>\n<li>Disartria<\/li>\n<li>Disfagia<\/li>\n<li>Disprassia<\/li>\n<li>Disturbi comunicativi<\/li>\n<\/ul>\n<\/div>\n<\/div>\n<\/div>\n<\/div>\n<\/div>\n<\/div>\n<\/div>\n<\/div>\n","protected":false},"excerpt":{"rendered":"<p>Il logopedista\u00a0chi \u00e8? Secondo il profilo professionale emanato con D.M. sanit\u00e0 14 settembre 1994, n.742, il logopedista \u00e8 l\u2019operatore sanitario che svolge la propria attivit\u00e0 nella prevenzione e nel trattamento riabilitativo delle patologie del linguaggio e della comunicazione in et\u00e0 evolutiva, adulta e geriatrica. Il logopedista\u00a0cosa\u00a0fa? L\u2019attivit\u00e0 del logopedista \u00e8 volta all\u2019educazione e rieducazione di<\/p>\n","protected":false},"author":10,"featured_media":0,"comment_status":"open","ping_status":"open","sticky":false,"template":"","format":"standard","meta":{"footnotes":""},"categories":[1],"tags":[],"class_list":["post-743","post","type-post","status-publish","format-standard","hentry","category-comunicati"],"yoast_head":"<!-- This site is optimized with the Yoast SEO plugin v27.4 - https:\/\/yoast.com\/product\/yoast-seo-wordpress\/ -->\r\n<title>Logopedia - Centro clinico ICI<\/title>\r\n<meta name=\"robots\" content=\"index, follow, max-snippet:-1, max-image-preview:large, max-video-preview:-1\" \/>\r\n<link rel=\"canonical\" href=\"https:\/\/www.istitutoici.com\/index.php\/2019\/07\/25\/logopedia\/\" \/>\r\n<meta property=\"og:locale\" content=\"it_IT\" \/>\r\n<meta property=\"og:type\" content=\"article\" \/>\r\n<meta property=\"og:title\" content=\"Logopedia - Centro clinico ICI\" \/>\r\n<meta property=\"og:description\" content=\"Il logopedista\u00a0chi \u00e8? Secondo il profilo professionale emanato con D.M. sanit\u00e0 14 settembre 1994, n.742, il logopedista \u00e8 l\u2019operatore sanitario che svolge la propria attivit\u00e0 nella prevenzione e nel trattamento riabilitativo delle patologie del linguaggio e della comunicazione in et\u00e0 evolutiva, adulta e geriatrica. Il logopedista\u00a0cosa\u00a0fa? L\u2019attivit\u00e0 del logopedista \u00e8 volta all\u2019educazione e rieducazione di\" \/>\r\n<meta property=\"og:url\" content=\"https:\/\/www.istitutoici.com\/index.php\/2019\/07\/25\/logopedia\/\" \/>\r\n<meta property=\"og:site_name\" content=\"Centro clinico ICI\" \/>\r\n<meta property=\"article:published_time\" content=\"2019-07-25T16:28:49+00:00\" \/>\r\n<meta property=\"article:modified_time\" content=\"2019-07-25T20:11:15+00:00\" \/>\r\n<meta name=\"author\" content=\"Centro Clinico\" \/>\r\n<meta name=\"twitter:card\" content=\"summary_large_image\" \/>\r\n<meta name=\"twitter:label1\" content=\"Scritto da\" \/>\n\t<meta name=\"twitter:data1\" content=\"Centro Clinico\" \/>\n\t<meta name=\"twitter:label2\" content=\"Tempo di lettura stimato\" \/>\n\t<meta name=\"twitter:data2\" content=\"2 minuti\" \/>\r\n<script type=\"application\/ld+json\" class=\"yoast-schema-graph\">{\"@context\":\"https:\\\/\\\/schema.org\",\"@graph\":[{\"@type\":\"Article\",\"@id\":\"https:\\\/\\\/www.istitutoici.com\\\/index.php\\\/2019\\\/07\\\/25\\\/logopedia\\\/#article\",\"isPartOf\":{\"@id\":\"https:\\\/\\\/www.istitutoici.com\\\/index.php\\\/2019\\\/07\\\/25\\\/logopedia\\\/\"},\"author\":{\"name\":\"Centro Clinico\",\"@id\":\"https:\\\/\\\/www.istitutoici.com\\\/#\\\/schema\\\/person\\\/1c02fa853c5437c008e30e2f0c5e12d8\"},\"headline\":\"Logopedia\",\"datePublished\":\"2019-07-25T16:28:49+00:00\",\"dateModified\":\"2019-07-25T20:11:15+00:00\",\"mainEntityOfPage\":{\"@id\":\"https:\\\/\\\/www.istitutoici.com\\\/index.php\\\/2019\\\/07\\\/25\\\/logopedia\\\/\"},\"wordCount\":386,\"commentCount\":0,\"articleSection\":[\"Comunicati\"],\"inLanguage\":\"it-IT\",\"potentialAction\":[{\"@type\":\"CommentAction\",\"name\":\"Comment\",\"target\":[\"https:\\\/\\\/www.istitutoici.com\\\/index.php\\\/2019\\\/07\\\/25\\\/logopedia\\\/#respond\"]}]},{\"@type\":\"WebPage\",\"@id\":\"https:\\\/\\\/www.istitutoici.com\\\/index.php\\\/2019\\\/07\\\/25\\\/logopedia\\\/\",\"url\":\"https:\\\/\\\/www.istitutoici.com\\\/index.php\\\/2019\\\/07\\\/25\\\/logopedia\\\/\",\"name\":\"Logopedia - Centro clinico ICI\",\"isPartOf\":{\"@id\":\"https:\\\/\\\/www.istitutoici.com\\\/#website\"},\"datePublished\":\"2019-07-25T16:28:49+00:00\",\"dateModified\":\"2019-07-25T20:11:15+00:00\",\"author\":{\"@id\":\"https:\\\/\\\/www.istitutoici.com\\\/#\\\/schema\\\/person\\\/1c02fa853c5437c008e30e2f0c5e12d8\"},\"breadcrumb\":{\"@id\":\"https:\\\/\\\/www.istitutoici.com\\\/index.php\\\/2019\\\/07\\\/25\\\/logopedia\\\/#breadcrumb\"},\"inLanguage\":\"it-IT\",\"potentialAction\":[{\"@type\":\"ReadAction\",\"target\":[\"https:\\\/\\\/www.istitutoici.com\\\/index.php\\\/2019\\\/07\\\/25\\\/logopedia\\\/\"]}]},{\"@type\":\"BreadcrumbList\",\"@id\":\"https:\\\/\\\/www.istitutoici.com\\\/index.php\\\/2019\\\/07\\\/25\\\/logopedia\\\/#breadcrumb\",\"itemListElement\":[{\"@type\":\"ListItem\",\"position\":1,\"name\":\"Home\",\"item\":\"https:\\\/\\\/www.istitutoici.com\\\/\"},{\"@type\":\"ListItem\",\"position\":2,\"name\":\"Logopedia\"}]},{\"@type\":\"WebSite\",\"@id\":\"https:\\\/\\\/www.istitutoici.com\\\/#website\",\"url\":\"https:\\\/\\\/www.istitutoici.com\\\/\",\"name\":\"Centro clinico ICI\",\"description\":\"Centro accreditato Regione Lazio\",\"potentialAction\":[{\"@type\":\"SearchAction\",\"target\":{\"@type\":\"EntryPoint\",\"urlTemplate\":\"https:\\\/\\\/www.istitutoici.com\\\/?s={search_term_string}\"},\"query-input\":{\"@type\":\"PropertyValueSpecification\",\"valueRequired\":true,\"valueName\":\"search_term_string\"}}],\"inLanguage\":\"it-IT\"},{\"@type\":\"Person\",\"@id\":\"https:\\\/\\\/www.istitutoici.com\\\/#\\\/schema\\\/person\\\/1c02fa853c5437c008e30e2f0c5e12d8\",\"name\":\"Centro Clinico\",\"image\":{\"@type\":\"ImageObject\",\"inLanguage\":\"it-IT\",\"@id\":\"https:\\\/\\\/secure.gravatar.com\\\/avatar\\\/ff2b31a2451340d78740eac34d9835f15383d10625a9eeec7c65236d7f7c7fd8?s=96&d=mm&r=g\",\"url\":\"https:\\\/\\\/secure.gravatar.com\\\/avatar\\\/ff2b31a2451340d78740eac34d9835f15383d10625a9eeec7c65236d7f7c7fd8?s=96&d=mm&r=g\",\"contentUrl\":\"https:\\\/\\\/secure.gravatar.com\\\/avatar\\\/ff2b31a2451340d78740eac34d9835f15383d10625a9eeec7c65236d7f7c7fd8?s=96&d=mm&r=g\",\"caption\":\"Centro Clinico\"},\"url\":\"https:\\\/\\\/www.istitutoici.com\\\/index.php\\\/author\\\/centro-clinico\\\/\"}]}<\/script>\r\n<!-- \/ Yoast SEO plugin. -->","yoast_head_json":{"title":"Logopedia - Centro clinico ICI","robots":{"index":"index","follow":"follow","max-snippet":"max-snippet:-1","max-image-preview":"max-image-preview:large","max-video-preview":"max-video-preview:-1"},"canonical":"https:\/\/www.istitutoici.com\/index.php\/2019\/07\/25\/logopedia\/","og_locale":"it_IT","og_type":"article","og_title":"Logopedia - Centro clinico ICI","og_description":"Il logopedista\u00a0chi \u00e8? Secondo il profilo professionale emanato con D.M. sanit\u00e0 14 settembre 1994, n.742, il logopedista \u00e8 l\u2019operatore sanitario che svolge la propria attivit\u00e0 nella prevenzione e nel trattamento riabilitativo delle patologie del linguaggio e della comunicazione in et\u00e0 evolutiva, adulta e geriatrica. Il logopedista\u00a0cosa\u00a0fa? L\u2019attivit\u00e0 del logopedista \u00e8 volta all\u2019educazione e rieducazione di","og_url":"https:\/\/www.istitutoici.com\/index.php\/2019\/07\/25\/logopedia\/","og_site_name":"Centro clinico ICI","article_published_time":"2019-07-25T16:28:49+00:00","article_modified_time":"2019-07-25T20:11:15+00:00","author":"Centro Clinico","twitter_card":"summary_large_image","twitter_misc":{"Scritto da":"Centro Clinico","Tempo di lettura stimato":"2 minuti"},"schema":{"@context":"https:\/\/schema.org","@graph":[{"@type":"Article","@id":"https:\/\/www.istitutoici.com\/index.php\/2019\/07\/25\/logopedia\/#article","isPartOf":{"@id":"https:\/\/www.istitutoici.com\/index.php\/2019\/07\/25\/logopedia\/"},"author":{"name":"Centro Clinico","@id":"https:\/\/www.istitutoici.com\/#\/schema\/person\/1c02fa853c5437c008e30e2f0c5e12d8"},"headline":"Logopedia","datePublished":"2019-07-25T16:28:49+00:00","dateModified":"2019-07-25T20:11:15+00:00","mainEntityOfPage":{"@id":"https:\/\/www.istitutoici.com\/index.php\/2019\/07\/25\/logopedia\/"},"wordCount":386,"commentCount":0,"articleSection":["Comunicati"],"inLanguage":"it-IT","potentialAction":[{"@type":"CommentAction","name":"Comment","target":["https:\/\/www.istitutoici.com\/index.php\/2019\/07\/25\/logopedia\/#respond"]}]},{"@type":"WebPage","@id":"https:\/\/www.istitutoici.com\/index.php\/2019\/07\/25\/logopedia\/","url":"https:\/\/www.istitutoici.com\/index.php\/2019\/07\/25\/logopedia\/","name":"Logopedia - Centro clinico ICI","isPartOf":{"@id":"https:\/\/www.istitutoici.com\/#website"},"datePublished":"2019-07-25T16:28:49+00:00","dateModified":"2019-07-25T20:11:15+00:00","author":{"@id":"https:\/\/www.istitutoici.com\/#\/schema\/person\/1c02fa853c5437c008e30e2f0c5e12d8"},"breadcrumb":{"@id":"https:\/\/www.istitutoici.com\/index.php\/2019\/07\/25\/logopedia\/#breadcrumb"},"inLanguage":"it-IT","potentialAction":[{"@type":"ReadAction","target":["https:\/\/www.istitutoici.com\/index.php\/2019\/07\/25\/logopedia\/"]}]},{"@type":"BreadcrumbList","@id":"https:\/\/www.istitutoici.com\/index.php\/2019\/07\/25\/logopedia\/#breadcrumb","itemListElement":[{"@type":"ListItem","position":1,"name":"Home","item":"https:\/\/www.istitutoici.com\/"},{"@type":"ListItem","position":2,"name":"Logopedia"}]},{"@type":"WebSite","@id":"https:\/\/www.istitutoici.com\/#website","url":"https:\/\/www.istitutoici.com\/","name":"Centro clinico ICI","description":"Centro accreditato Regione Lazio","potentialAction":[{"@type":"SearchAction","target":{"@type":"EntryPoint","urlTemplate":"https:\/\/www.istitutoici.com\/?s={search_term_string}"},"query-input":{"@type":"PropertyValueSpecification","valueRequired":true,"valueName":"search_term_string"}}],"inLanguage":"it-IT"},{"@type":"Person","@id":"https:\/\/www.istitutoici.com\/#\/schema\/person\/1c02fa853c5437c008e30e2f0c5e12d8","name":"Centro Clinico","image":{"@type":"ImageObject","inLanguage":"it-IT","@id":"https:\/\/secure.gravatar.com\/avatar\/ff2b31a2451340d78740eac34d9835f15383d10625a9eeec7c65236d7f7c7fd8?s=96&d=mm&r=g","url":"https:\/\/secure.gravatar.com\/avatar\/ff2b31a2451340d78740eac34d9835f15383d10625a9eeec7c65236d7f7c7fd8?s=96&d=mm&r=g","contentUrl":"https:\/\/secure.gravatar.com\/avatar\/ff2b31a2451340d78740eac34d9835f15383d10625a9eeec7c65236d7f7c7fd8?s=96&d=mm&r=g","caption":"Centro Clinico"},"url":"https:\/\/www.istitutoici.com\/index.php\/author\/centro-clinico\/"}]}},"_links":{"self":[{"href":"https:\/\/www.istitutoici.com\/index.php\/wp-json\/wp\/v2\/posts\/743","targetHints":{"allow":["GET"]}}],"collection":[{"href":"https:\/\/www.istitutoici.com\/index.php\/wp-json\/wp\/v2\/posts"}],"about":[{"href":"https:\/\/www.istitutoici.com\/index.php\/wp-json\/wp\/v2\/types\/post"}],"author":[{"embeddable":true,"href":"https:\/\/www.istitutoici.com\/index.php\/wp-json\/wp\/v2\/users\/10"}],"replies":[{"embeddable":true,"href":"https:\/\/www.istitutoici.com\/index.php\/wp-json\/wp\/v2\/comments?post=743"}],"version-history":[{"count":4,"href":"https:\/\/www.istitutoici.com\/index.php\/wp-json\/wp\/v2\/posts\/743\/revisions"}],"predecessor-version":[{"id":786,"href":"https:\/\/www.istitutoici.com\/index.php\/wp-json\/wp\/v2\/posts\/743\/revisions\/786"}],"wp:attachment":[{"href":"https:\/\/www.istitutoici.com\/index.php\/wp-json\/wp\/v2\/media?parent=743"}],"wp:term":[{"taxonomy":"category","embeddable":true,"href":"https:\/\/www.istitutoici.com\/index.php\/wp-json\/wp\/v2\/categories?post=743"},{"taxonomy":"post_tag","embeddable":true,"href":"https:\/\/www.istitutoici.com\/index.php\/wp-json\/wp\/v2\/tags?post=743"}],"curies":[{"name":"wp","href":"https:\/\/api.w.org\/{rel}","templated":true}]}}